{"id":1,"date":"2022-07-14T19:03:45","date_gmt":"2022-07-14T17:03:45","guid":{"rendered":"https:\/\/forschung.fh-kaernten.at\/perezoso\/?p=1"},"modified":"2024-03-21T18:27:31","modified_gmt":"2024-03-21T17:27:31","slug":"perezoso-goes-diex","status":"publish","type":"post","link":"https:\/\/forschung.fh-kaernten.at\/perezoso\/perezoso-goes-diex\/","title":{"rendered":"Perezoso goes Diex"},"content":{"rendered":"\t\t<div data-elementor-type=\"wp-post\" data-elementor-id=\"1\" class=\"elementor elementor-1\" data-elementor-post-type=\"post\">\n\t\t\t\t\t\t<section class=\"elementor-section elementor-top-section elementor-element elementor-element-376cc621 elementor-section-boxed elementor-section-height-default elementor-section-height-default\" data-id=\"376cc621\" data-element_type=\"section\" data-e-type=\"section\">\n\t\t\t\t\t\t<div class=\"elementor-container elementor-column-gap-default\">\n\t\t\t\t\t<div class=\"elementor-column elementor-col-100 elementor-top-column elementor-element elementor-element-16c9911e\" data-id=\"16c9911e\" data-element_type=\"column\" data-e-type=\"column\">\n\t\t\t<div class=\"elementor-widget-wrap elementor-element-populated\">\n\t\t\t\t\t\t<div class=\"elementor-element elementor-element-1ac0009a elementor-widget elementor-widget-text-editor\" data-id=\"1ac0009a\" data-element_type=\"widget\" data-e-type=\"widget\" data-widget_type=\"text-editor.default\">\n\t\t\t\t<div class=\"elementor-widget-container\">\n\t\t\t\t\t\t\t\t\t<p style=\"color: #000000;font-family: 'Times New Roman';font-size: medium\">Im Rahmen der \u201eGesunde Gemeinde\u201c-Aktivit\u00e4ten waren Michael Suppanz und Uschi Halbreiner (<a href=\"https:\/\/www.fh-kaernten.at\/studium\/gesundheit-soziales\/bachelor\/physiotherapie\" target=\"_blank\" rel=\"noopener\">Studiengang Physiotherapie<\/a>) am 24.06.22 in Diex zu Gast und gestalteten einen Vortrag inklusive Workshop zum Thema \u201eGesunde Gelenke &#8211; Gesundes Leben\u201c. Nach einem theoretischen Input mit dem Schwerpunkt Kniearthrose kam auch die Bewegung nicht zu kurz: Gemeinsam wurden kr\u00e4ftigende \u00dcbungen f\u00fcr die unteren Extremit\u00e4ten durchgef\u00fchrt.\u00a0<\/p><p style=\"color: #000000;font-family: 'Times New Roman';font-size: medium\">Im Rahmen der Veranstaltung konnten im Zuge des gemeinsamen Austausches, sowie einer Umfrage ein wertvoller Einblick \u00fcber die Meinung bzw. Einstellung zum Thema Kniearthrose der rund 50 Teilnehmer*innen gewonnen werden.<\/p><p><img fetchpriority=\"high\" decoding=\"async\" class=\"aligncenter wp-image-149 lazyload\" title=\"Arthrose-Workshop in Diex\" src=\"data:image\/gif;base64,R0lGODlhAQABAAAAACH5BAEKAAEALAAAAAABAAEAAAICTAEAOw==\" alt=\"\" width=\"533\" height=\"400\" data-src=\"https:\/\/forschung.fh-kaernten.at\/perezoso\/files\/2022\/07\/Diex4-1024x768.jpg\"><\/p><p style=\"color: #000000;font-family: 'Times New Roman';font-size: medium\">Vielen Dank an Eva-Maria Slamanig und B\u00fcrgermeister Anton Napetschnig von der Gemeinde Diex, sowie den Teilnehmer*innen f\u00fcr einen gelungenen Abend.<\/p>\t\t\t\t\t\t\t\t<\/div>\n\t\t\t\t<\/div>\n\t\t\t\t\t<\/div>\n\t\t<\/div>\n\t\t\t\t\t<\/div>\n\t\t<\/section>\n\t\t\t\t<\/div>\n\t\t","protected":false},"excerpt":{"rendered":"<p>Im Rahmen der \u201eGesunde Gemeinde\u201c- Aktivit\u00e4ten waren Michael Suppanz und Uschi Halbreiner (Studiengang Physiotherapie) am 24.06.22 in Diex zu Gast und gestalteten einen Vortrag inklusive Workshop zum Thema \u201eGesunde Gelenke- Gesundes Leben\u201c.<\/p>\n","protected":false},"author":224,"featured_media":262,"comment_status":"open","ping_status":"closed","sticky":false,"template":"elementor_theme","format":"standard","meta":{"_crdt_document":"","inline_featured_image":false,"footnotes":""},"categories":[1],"tags":[],"class_list":["post-1","post","type-post","status-publish","format-standard","has-post-thumbnail","hentry","category-aktuelles"],"yoast_head":"<!-- This site is optimized with the Yoast SEO plugin v27.5 - https:\/\/yoast.com\/product\/yoast-seo-wordpress\/ -->\n<title>Perezoso goes Diex - PEREZOSO<\/title>\n<meta name=\"description\" content=\"Michael Suppanz &amp; Uschi Halbreiner (Studiengang Physiotherapie) in Diex mit Workshop zum Thema \u201eGesunde Gelenke - Gesundes Leben\u201c.\" \/>\n<meta name=\"robots\" content=\"index, follow, max-snippet:-1, max-image-preview:large, max-video-preview:-1\" \/>\n<link rel=\"canonical\" href=\"https:\/\/forschung.fh-kaernten.at\/perezoso\/perezoso-goes-diex\/\" \/>\n<meta property=\"og:locale\" content=\"de_DE\" \/>\n<meta property=\"og:type\" content=\"article\" \/>\n<meta property=\"og:title\" content=\"Perezoso goes Diex - PEREZOSO\" \/>\n<meta property=\"og:description\" content=\"Michael Suppanz &amp; Uschi Halbreiner (Studiengang Physiotherapie) in Diex mit Workshop zum Thema \u201eGesunde Gelenke - Gesundes Leben\u201c.\" \/>\n<meta property=\"og:url\" content=\"https:\/\/forschung.fh-kaernten.at\/perezoso\/perezoso-goes-diex\/\" \/>\n<meta property=\"og:site_name\" content=\"PEREZOSO\" \/>\n<meta property=\"article:published_time\" content=\"2022-07-14T17:03:45+00:00\" \/>\n<meta property=\"article:modified_time\" content=\"2024-03-21T17:27:31+00:00\" \/>\n<meta property=\"og:image\" content=\"https:\/\/forschung.fh-kaernten.at\/perezoso\/files\/2023\/02\/diex.jpg\" \/>\n\t<meta property=\"og:image:width\" content=\"903\" \/>\n\t<meta property=\"og:image:height\" content=\"508\" \/>\n\t<meta property=\"og:image:type\" content=\"image\/jpeg\" \/>\n<meta name=\"author\" content=\"cpertl\" \/>\n<meta name=\"twitter:card\" content=\"summary_large_image\" \/>\n<meta name=\"twitter:label1\" content=\"Verfasst von\" \/>\n\t<meta name=\"twitter:data1\" content=\"cpertl\" \/>\n\t<meta name=\"twitter:label2\" content=\"Gesch\u00e4tzte Lesezeit\" \/>\n\t<meta name=\"twitter:data2\" content=\"1\u00a0Minute\" \/>\n<script type=\"application\/ld+json\" class=\"yoast-schema-graph\">{\"@context\":\"https:\\\/\\\/schema.org\",\"@graph\":[{\"@type\":\"Article\",\"@id\":\"https:\\\/\\\/forschung.fh-kaernten.at\\\/perezoso\\\/perezoso-goes-diex\\\/#article\",\"isPartOf\":{\"@id\":\"https:\\\/\\\/forschung.fh-kaernten.at\\\/perezoso\\\/perezoso-goes-diex\\\/\"},\"author\":{\"name\":\"cpertl\",\"@id\":\"https:\\\/\\\/forschung.fh-kaernten.at\\\/perezoso\\\/#\\\/schema\\\/person\\\/bc386c571ee6942b98b8e9fa71b1f8c5\"},\"headline\":\"Perezoso goes Diex\",\"datePublished\":\"2022-07-14T17:03:45+00:00\",\"dateModified\":\"2024-03-21T17:27:31+00:00\",\"mainEntityOfPage\":{\"@id\":\"https:\\\/\\\/forschung.fh-kaernten.at\\\/perezoso\\\/perezoso-goes-diex\\\/\"},\"wordCount\":117,\"commentCount\":0,\"publisher\":{\"@id\":\"https:\\\/\\\/forschung.fh-kaernten.at\\\/perezoso\\\/#organization\"},\"image\":{\"@id\":\"https:\\\/\\\/forschung.fh-kaernten.at\\\/perezoso\\\/perezoso-goes-diex\\\/#primaryimage\"},\"thumbnailUrl\":\"https:\\\/\\\/forschung.fh-kaernten.at\\\/perezoso\\\/files\\\/2023\\\/02\\\/diex.jpg\",\"articleSection\":[\"Aktuelles\"],\"inLanguage\":\"de\",\"potentialAction\":[{\"@type\":\"CommentAction\",\"name\":\"Comment\",\"target\":[\"https:\\\/\\\/forschung.fh-kaernten.at\\\/perezoso\\\/perezoso-goes-diex\\\/#respond\"]}]},{\"@type\":\"WebPage\",\"@id\":\"https:\\\/\\\/forschung.fh-kaernten.at\\\/perezoso\\\/perezoso-goes-diex\\\/\",\"url\":\"https:\\\/\\\/forschung.fh-kaernten.at\\\/perezoso\\\/perezoso-goes-diex\\\/\",\"name\":\"Perezoso goes Diex - PEREZOSO\",\"isPartOf\":{\"@id\":\"https:\\\/\\\/forschung.fh-kaernten.at\\\/perezoso\\\/#website\"},\"primaryImageOfPage\":{\"@id\":\"https:\\\/\\\/forschung.fh-kaernten.at\\\/perezoso\\\/perezoso-goes-diex\\\/#primaryimage\"},\"image\":{\"@id\":\"https:\\\/\\\/forschung.fh-kaernten.at\\\/perezoso\\\/perezoso-goes-diex\\\/#primaryimage\"},\"thumbnailUrl\":\"https:\\\/\\\/forschung.fh-kaernten.at\\\/perezoso\\\/files\\\/2023\\\/02\\\/diex.jpg\",\"datePublished\":\"2022-07-14T17:03:45+00:00\",\"dateModified\":\"2024-03-21T17:27:31+00:00\",\"description\":\"Michael Suppanz & Uschi Halbreiner (Studiengang Physiotherapie) in Diex mit Workshop zum Thema \u201eGesunde Gelenke - Gesundes Leben\u201c.\",\"breadcrumb\":{\"@id\":\"https:\\\/\\\/forschung.fh-kaernten.at\\\/perezoso\\\/perezoso-goes-diex\\\/#breadcrumb\"},\"inLanguage\":\"de\",\"potentialAction\":[{\"@type\":\"ReadAction\",\"target\":[\"https:\\\/\\\/forschung.fh-kaernten.at\\\/perezoso\\\/perezoso-goes-diex\\\/\"]}]},{\"@type\":\"ImageObject\",\"inLanguage\":\"de\",\"@id\":\"https:\\\/\\\/forschung.fh-kaernten.at\\\/perezoso\\\/perezoso-goes-diex\\\/#primaryimage\",\"url\":\"https:\\\/\\\/forschung.fh-kaernten.at\\\/perezoso\\\/files\\\/2023\\\/02\\\/diex.jpg\",\"contentUrl\":\"https:\\\/\\\/forschung.fh-kaernten.at\\\/perezoso\\\/files\\\/2023\\\/02\\\/diex.jpg\",\"width\":903,\"height\":508},{\"@type\":\"BreadcrumbList\",\"@id\":\"https:\\\/\\\/forschung.fh-kaernten.at\\\/perezoso\\\/perezoso-goes-diex\\\/#breadcrumb\",\"itemListElement\":[{\"@type\":\"ListItem\",\"position\":1,\"name\":\"Startseite\",\"item\":\"https:\\\/\\\/forschung.fh-kaernten.at\\\/perezoso\\\/\"},{\"@type\":\"ListItem\",\"position\":2,\"name\":\"Aktuelles\",\"item\":\"https:\\\/\\\/forschung.fh-kaernten.at\\\/perezoso\\\/aktuelles\\\/\"},{\"@type\":\"ListItem\",\"position\":3,\"name\":\"Perezoso goes Diex\"}]},{\"@type\":\"WebSite\",\"@id\":\"https:\\\/\\\/forschung.fh-kaernten.at\\\/perezoso\\\/#website\",\"url\":\"https:\\\/\\\/forschung.fh-kaernten.at\\\/perezoso\\\/\",\"name\":\"PEREZOSO\",\"description\":\"\",\"publisher\":{\"@id\":\"https:\\\/\\\/forschung.fh-kaernten.at\\\/perezoso\\\/#organization\"},\"potentialAction\":[{\"@type\":\"SearchAction\",\"target\":{\"@type\":\"EntryPoint\",\"urlTemplate\":\"https:\\\/\\\/forschung.fh-kaernten.at\\\/perezoso\\\/?s={search_term_string}\"},\"query-input\":{\"@type\":\"PropertyValueSpecification\",\"valueRequired\":true,\"valueName\":\"search_term_string\"}}],\"inLanguage\":\"de\"},{\"@type\":\"Organization\",\"@id\":\"https:\\\/\\\/forschung.fh-kaernten.at\\\/perezoso\\\/#organization\",\"name\":\"FH K\u00e4rnten - Forschung\",\"url\":\"https:\\\/\\\/forschung.fh-kaernten.at\\\/perezoso\\\/\",\"logo\":{\"@type\":\"ImageObject\",\"inLanguage\":\"de\",\"@id\":\"https:\\\/\\\/forschung.fh-kaernten.at\\\/perezoso\\\/#\\\/schema\\\/logo\\\/image\\\/\",\"url\":\"https:\\\/\\\/forschung.fh-kaernten.at\\\/perezoso\\\/files\\\/2022\\\/07\\\/Logo-FHK_web-schwarz-rot.png\",\"contentUrl\":\"https:\\\/\\\/forschung.fh-kaernten.at\\\/perezoso\\\/files\\\/2022\\\/07\\\/Logo-FHK_web-schwarz-rot.png\",\"width\":1006,\"height\":334,\"caption\":\"FH K\u00e4rnten - Forschung\"},\"image\":{\"@id\":\"https:\\\/\\\/forschung.fh-kaernten.at\\\/perezoso\\\/#\\\/schema\\\/logo\\\/image\\\/\"}},{\"@type\":\"Person\",\"@id\":\"https:\\\/\\\/forschung.fh-kaernten.at\\\/perezoso\\\/#\\\/schema\\\/person\\\/bc386c571ee6942b98b8e9fa71b1f8c5\",\"name\":\"cpertl\",\"image\":{\"@type\":\"ImageObject\",\"inLanguage\":\"de\",\"@id\":\"https:\\\/\\\/secure.gravatar.com\\\/avatar\\\/73f2fc16f47e15b4d6d6a9c1b78de66a9a0d07726ae9324a65a50458058227fb?s=96&d=mm&r=g\",\"url\":\"https:\\\/\\\/secure.gravatar.com\\\/avatar\\\/73f2fc16f47e15b4d6d6a9c1b78de66a9a0d07726ae9324a65a50458058227fb?s=96&d=mm&r=g\",\"contentUrl\":\"https:\\\/\\\/secure.gravatar.com\\\/avatar\\\/73f2fc16f47e15b4d6d6a9c1b78de66a9a0d07726ae9324a65a50458058227fb?s=96&d=mm&r=g\",\"caption\":\"cpertl\"}}]}<\/script>\n<!-- \/ Yoast SEO plugin. -->","yoast_head_json":{"title":"Perezoso goes Diex - PEREZOSO","description":"Michael Suppanz & Uschi Halbreiner (Studiengang Physiotherapie) in Diex mit Workshop zum Thema \u201eGesunde Gelenke - Gesundes Leben\u201c.","robots":{"index":"index","follow":"follow","max-snippet":"max-snippet:-1","max-image-preview":"max-image-preview:large","max-video-preview":"max-video-preview:-1"},"canonical":"https:\/\/forschung.fh-kaernten.at\/perezoso\/perezoso-goes-diex\/","og_locale":"de_DE","og_type":"article","og_title":"Perezoso goes Diex - PEREZOSO","og_description":"Michael Suppanz & Uschi Halbreiner (Studiengang Physiotherapie) in Diex mit Workshop zum Thema \u201eGesunde Gelenke - Gesundes Leben\u201c.","og_url":"https:\/\/forschung.fh-kaernten.at\/perezoso\/perezoso-goes-diex\/","og_site_name":"PEREZOSO","article_published_time":"2022-07-14T17:03:45+00:00","article_modified_time":"2024-03-21T17:27:31+00:00","og_image":[{"width":903,"height":508,"url":"https:\/\/forschung.fh-kaernten.at\/perezoso\/files\/2023\/02\/diex.jpg","type":"image\/jpeg"}],"author":"cpertl","twitter_card":"summary_large_image","twitter_misc":{"Verfasst von":"cpertl","Gesch\u00e4tzte Lesezeit":"1\u00a0Minute"},"schema":{"@context":"https:\/\/schema.org","@graph":[{"@type":"Article","@id":"https:\/\/forschung.fh-kaernten.at\/perezoso\/perezoso-goes-diex\/#article","isPartOf":{"@id":"https:\/\/forschung.fh-kaernten.at\/perezoso\/perezoso-goes-diex\/"},"author":{"name":"cpertl","@id":"https:\/\/forschung.fh-kaernten.at\/perezoso\/#\/schema\/person\/bc386c571ee6942b98b8e9fa71b1f8c5"},"headline":"Perezoso goes Diex","datePublished":"2022-07-14T17:03:45+00:00","dateModified":"2024-03-21T17:27:31+00:00","mainEntityOfPage":{"@id":"https:\/\/forschung.fh-kaernten.at\/perezoso\/perezoso-goes-diex\/"},"wordCount":117,"commentCount":0,"publisher":{"@id":"https:\/\/forschung.fh-kaernten.at\/perezoso\/#organization"},"image":{"@id":"https:\/\/forschung.fh-kaernten.at\/perezoso\/perezoso-goes-diex\/#primaryimage"},"thumbnailUrl":"https:\/\/forschung.fh-kaernten.at\/perezoso\/files\/2023\/02\/diex.jpg","articleSection":["Aktuelles"],"inLanguage":"de","potentialAction":[{"@type":"CommentAction","name":"Comment","target":["https:\/\/forschung.fh-kaernten.at\/perezoso\/perezoso-goes-diex\/#respond"]}]},{"@type":"WebPage","@id":"https:\/\/forschung.fh-kaernten.at\/perezoso\/perezoso-goes-diex\/","url":"https:\/\/forschung.fh-kaernten.at\/perezoso\/perezoso-goes-diex\/","name":"Perezoso goes Diex - PEREZOSO","isPartOf":{"@id":"https:\/\/forschung.fh-kaernten.at\/perezoso\/#website"},"primaryImageOfPage":{"@id":"https:\/\/forschung.fh-kaernten.at\/perezoso\/perezoso-goes-diex\/#primaryimage"},"image":{"@id":"https:\/\/forschung.fh-kaernten.at\/perezoso\/perezoso-goes-diex\/#primaryimage"},"thumbnailUrl":"https:\/\/forschung.fh-kaernten.at\/perezoso\/files\/2023\/02\/diex.jpg","datePublished":"2022-07-14T17:03:45+00:00","dateModified":"2024-03-21T17:27:31+00:00","description":"Michael Suppanz & Uschi Halbreiner (Studiengang Physiotherapie) in Diex mit Workshop zum Thema \u201eGesunde Gelenke - Gesundes Leben\u201c.","breadcrumb":{"@id":"https:\/\/forschung.fh-kaernten.at\/perezoso\/perezoso-goes-diex\/#breadcrumb"},"inLanguage":"de","potentialAction":[{"@type":"ReadAction","target":["https:\/\/forschung.fh-kaernten.at\/perezoso\/perezoso-goes-diex\/"]}]},{"@type":"ImageObject","inLanguage":"de","@id":"https:\/\/forschung.fh-kaernten.at\/perezoso\/perezoso-goes-diex\/#primaryimage","url":"https:\/\/forschung.fh-kaernten.at\/perezoso\/files\/2023\/02\/diex.jpg","contentUrl":"https:\/\/forschung.fh-kaernten.at\/perezoso\/files\/2023\/02\/diex.jpg","width":903,"height":508},{"@type":"BreadcrumbList","@id":"https:\/\/forschung.fh-kaernten.at\/perezoso\/perezoso-goes-diex\/#breadcrumb","itemListElement":[{"@type":"ListItem","position":1,"name":"Startseite","item":"https:\/\/forschung.fh-kaernten.at\/perezoso\/"},{"@type":"ListItem","position":2,"name":"Aktuelles","item":"https:\/\/forschung.fh-kaernten.at\/perezoso\/aktuelles\/"},{"@type":"ListItem","position":3,"name":"Perezoso goes Diex"}]},{"@type":"WebSite","@id":"https:\/\/forschung.fh-kaernten.at\/perezoso\/#website","url":"https:\/\/forschung.fh-kaernten.at\/perezoso\/","name":"PEREZOSO","description":"","publisher":{"@id":"https:\/\/forschung.fh-kaernten.at\/perezoso\/#organization"},"potentialAction":[{"@type":"SearchAction","target":{"@type":"EntryPoint","urlTemplate":"https:\/\/forschung.fh-kaernten.at\/perezoso\/?s={search_term_string}"},"query-input":{"@type":"PropertyValueSpecification","valueRequired":true,"valueName":"search_term_string"}}],"inLanguage":"de"},{"@type":"Organization","@id":"https:\/\/forschung.fh-kaernten.at\/perezoso\/#organization","name":"FH K\u00e4rnten - Forschung","url":"https:\/\/forschung.fh-kaernten.at\/perezoso\/","logo":{"@type":"ImageObject","inLanguage":"de","@id":"https:\/\/forschung.fh-kaernten.at\/perezoso\/#\/schema\/logo\/image\/","url":"https:\/\/forschung.fh-kaernten.at\/perezoso\/files\/2022\/07\/Logo-FHK_web-schwarz-rot.png","contentUrl":"https:\/\/forschung.fh-kaernten.at\/perezoso\/files\/2022\/07\/Logo-FHK_web-schwarz-rot.png","width":1006,"height":334,"caption":"FH K\u00e4rnten - Forschung"},"image":{"@id":"https:\/\/forschung.fh-kaernten.at\/perezoso\/#\/schema\/logo\/image\/"}},{"@type":"Person","@id":"https:\/\/forschung.fh-kaernten.at\/perezoso\/#\/schema\/person\/bc386c571ee6942b98b8e9fa71b1f8c5","name":"cpertl","image":{"@type":"ImageObject","inLanguage":"de","@id":"https:\/\/secure.gravatar.com\/avatar\/73f2fc16f47e15b4d6d6a9c1b78de66a9a0d07726ae9324a65a50458058227fb?s=96&d=mm&r=g","url":"https:\/\/secure.gravatar.com\/avatar\/73f2fc16f47e15b4d6d6a9c1b78de66a9a0d07726ae9324a65a50458058227fb?s=96&d=mm&r=g","contentUrl":"https:\/\/secure.gravatar.com\/avatar\/73f2fc16f47e15b4d6d6a9c1b78de66a9a0d07726ae9324a65a50458058227fb?s=96&d=mm&r=g","caption":"cpertl"}}]}},"_links":{"self":[{"href":"https:\/\/forschung.fh-kaernten.at\/perezoso\/wp-json\/wp\/v2\/posts\/1","targetHints":{"allow":["GET"]}}],"collection":[{"href":"https:\/\/forschung.fh-kaernten.at\/perezoso\/wp-json\/wp\/v2\/posts"}],"about":[{"href":"https:\/\/forschung.fh-kaernten.at\/perezoso\/wp-json\/wp\/v2\/types\/post"}],"author":[{"embeddable":true,"href":"https:\/\/forschung.fh-kaernten.at\/perezoso\/wp-json\/wp\/v2\/users\/224"}],"replies":[{"embeddable":true,"href":"https:\/\/forschung.fh-kaernten.at\/perezoso\/wp-json\/wp\/v2\/comments?post=1"}],"version-history":[{"count":0,"href":"https:\/\/forschung.fh-kaernten.at\/perezoso\/wp-json\/wp\/v2\/posts\/1\/revisions"}],"wp:featuredmedia":[{"embeddable":true,"href":"https:\/\/forschung.fh-kaernten.at\/perezoso\/wp-json\/wp\/v2\/media\/262"}],"wp:attachment":[{"href":"https:\/\/forschung.fh-kaernten.at\/perezoso\/wp-json\/wp\/v2\/media?parent=1"}],"wp:term":[{"taxonomy":"category","embeddable":true,"href":"https:\/\/forschung.fh-kaernten.at\/perezoso\/wp-json\/wp\/v2\/categories?post=1"},{"taxonomy":"post_tag","embeddable":true,"href":"https:\/\/forschung.fh-kaernten.at\/perezoso\/wp-json\/wp\/v2\/tags?post=1"}],"curies":[{"name":"wp","href":"https:\/\/api.w.org\/{rel}","templated":true}]}}